{"id":466,"date":"2016-09-09T13:15:56","date_gmt":"2016-09-09T11:15:56","guid":{"rendered":"http:\/\/www.jazz-gulfhaus.de\/?p=466"},"modified":"2025-09-24T13:35:12","modified_gmt":"2025-09-24T11:35:12","slug":"18-02-2017-jean-faure-et-son-orchestre","status":"publish","type":"post","link":"https:\/\/www.jazz-gulfhaus.de\/?p=466","title":{"rendered":"18.02.2017 &#8211; Jean Faure et Son Orchestre"},"content":{"rendered":"<p><a href=\"https:\/\/www.jazz-gulfhaus.de\/wp-content\/uploads\/2016\/09\/Faure1.gif\"><img loading=\"lazy\" decoding=\"async\" class=\"aligncenter size-large wp-image-477\" src=\"https:\/\/www.jazz-gulfhaus.de\/wp-content\/uploads\/2016\/09\/Faure1-1024x727.gif\" alt=\"faure1\" width=\"640\" height=\"454\" srcset=\"https:\/\/www.jazz-gulfhaus.de\/wp-content\/uploads\/2016\/09\/Faure1-1024x727.gif 1024w, https:\/\/www.jazz-gulfhaus.de\/wp-content\/uploads\/2016\/09\/Faure1-300x213.gif 300w, https:\/\/www.jazz-gulfhaus.de\/wp-content\/uploads\/2016\/09\/Faure1-768x545.gif 768w\" sizes=\"auto, (max-width: 640px) 100vw, 640px\" \/><\/a><\/p>\n<p><span style=\"font-weight: 400;\">Begleitet von seinem exzellenten f\u00fcnfk\u00f6pfigen \u201eOrchestre\u201c pr\u00e4sentiert Jean Faure neben klassischen auch hierzulande weniger bekannte franz\u00f6sische Chansons der 40er, 50er, 60er, 70er&#8230;. \u00a0<\/span><span style=\"font-weight: 400;\"><br \/>\n<\/span><span style=\"font-weight: 400;\">Mit seiner unpr\u00e4tenti\u00f6sen und ausdruckstarken Vortragsart verleiht er den Chansons eine wunderbare Leichtigkeit, ohne die Originale zu kopieren. Beschwingt und humorvoll erl\u00e4utert er interessante Hintergr\u00fcnde und erz\u00e4hlt manch heitere Anekdote zu den Liedern, so dass Frankophile wie Uneingeweihte bestens unterhalten werden.<\/span><span style=\"font-weight: 400;\"><br \/>\n<\/span><span style=\"font-weight: 400;\">Das Repertoire: Boris Vian, Charles Trenet, Jacques Brel, Georges Brassens, Serge Gainsbourg, Jean Ferrat, Claude Nougaro, Georges Moustaki, Barbara und viele andere&#8230;<\/span><span style=\"font-weight: 400;\"><br \/>\n<\/span><span style=\"font-weight: 400;\">Kurzum \u2013 spannende, kontrastreiche Programme f\u00fcr Liebhaber der \u201eChanson fran\u00e7aise\u201c und solche, die es werden m\u00f6chten&#8230;<\/span><\/p>\n<p><span style=\"font-weight: 400;\">\u201e&#8230; augenzwinkernd, herzlich, ironisch. Das ist Jean Faure.\u201c<\/span><!--more--><\/p>\n<p><span style=\"font-weight: 400;\">\u201e&#8230; Ein Vortrag, der sich aus Schlichtheit n\u00e4hrt. Faure zehrt nicht von aufdringlichem Pathos. Er schl\u00fcpft in die Rollen, agil und leicht&#8230;\u201c<\/span><\/p>\n<p><span style=\"font-weight: 400;\">\u201e&#8230; spritzig und mit viel Gef\u00fchl nahmen Jean Faure und seine exzellente Band die G\u00e4ste mit auf eine musikalische Reise von Paris \u00fcber das Elsass bis nach Qu\u00e9bec und zur Insel R\u00e9union&#8230;\u201c<\/span><\/p>\n<p><b><i>General Anzeiger Bonn<\/i><\/b><\/p>\n<p><span style=\"font-weight: 400;\">\u00a0<\/span><\/p>\n<p><span style=\"font-weight: 400;\">&#8222;&#8230;bereits nach wenigen Takten erf\u00fcllt den Saal eine fast greifbare sentimentale Stimmung, der man sich nur schwer entziehen kann. (&#8230;) Galant m\u00e4andriert Faure zwischen Melancholie, Romantik und Lebenslust, ohne dabei ins Kitschige oder \u00dcbertriebene abzudriften.&#8220;<\/span><\/p>\n<p><span style=\"font-weight: 400;\">\u201e&#8230;Stattdessen brilliert der in Gap geborene Wahl-Bonner mit sensiblen Fingerspitzengef\u00fchl, einer beindruckenden Bardenstimme und einer geh\u00f6rigen Portion Selbstironie&#8230;\u201c<\/span><\/p>\n<p><b><i>Bonner Rundschau<\/i><\/b><span style=\"font-weight: 400;\"><br \/>\n<\/span><span style=\"font-weight: 400;\">\u00a0<\/span><\/p>\n<p><span style=\"font-weight: 400;\">(&#8230;) Er singt mit mehr Stimme als Brel, hat mehr Witz als B\u00e9caud, weniger Schmalz als Aznavour, trifft seine T\u00f6ne auf jeden Fall sicherer als Serge Gainsbourg, und er kokettiert hinrei\u00dfend mit den genrem\u00e4\u00dfigen Testosteron-Klischees, wenn er sich, zum Beispiel, in &#8222;Ne Me Quitte Pas&#8220; gleich den ersten Ton eine Oktave tiefer abholt. Keine Verarschung, eher eine Versch\u00e4rfung. \u00dcberhaupt steckt bei Faure mehr Musik zwischen Wort und Ton als beim Chanson sonst \u00fcblich &#8211; und Musik schadet ja nichts, sie hilft eher. Gro\u00dfartig die Band, die f\u00fcr einen breiten F\u00e4cher an Farben sorgt: Debussy mit M\u00f6wengekreisch! Die Grenze zwischen Parodie und Pathos wird hauchd\u00fcnn, es ziept im Herzen.\u201c<\/span><\/p>\n<p><span style=\"font-weight: 400;\">\u00a0 <\/span><b><i>(FAZ Sonntagszeitung)<\/i><\/b><\/p>\n<p><span style=\"font-weight: 400;\">\u00a0<\/span><\/p>\n<p><span style=\"font-weight: 400;\">\u201e&#8230;Mit Hedayet Djeddikar (Klavier), Dirk Ferdinand (Schlagzeug, Perkussion), Kristaps Grasis (Gitarren, Mandoline, Ukulele), Matthias H\u00f6hn (Concertinas, Fl\u00f6ten, Bassklarinette, Bouzouki, Saxofon) und Markus Quabeck (Kontrabass) verf\u00fcgt Faure \u00fcber herausragende Musiker, die eine \u00dcbertragung authentischen franz\u00f6sischen Musikgef\u00fchls m\u00fchelos realisierten. Gro\u00dfe musikalische Klasse, gr\u00f6\u00dfte Bescheidenheit, gro\u00dfes Vergn\u00fcgen&#8230;\u201c <\/span><\/p>\n<p><b><i>Gie\u00dfener Anzeiger\u00a0<\/i><\/b><\/p>\n","protected":false},"excerpt":{"rendered":"<p>Begleitet von seinem exzellenten f\u00fcnfk\u00f6pfigen \u201eOrchestre\u201c pr\u00e4sentiert Jean Faure neben klassischen auch hierzulande weniger bekannte franz\u00f6sische Chansons der 40er, 50er, 60er, 70er&#8230;. \u00a0 Mit seiner unpr\u00e4tenti\u00f6sen und ausdruckstarken Vortragsart verleiht er den Chansons eine wunderbare Leichtigkeit, ohne die Originale zu kopieren. Beschwingt und humorvoll erl\u00e4utert er interessante Hintergr\u00fcnde und erz\u00e4hlt manch heitere Anekdote zu den &hellip; <\/p>\n<p class=\"link-more\"><a href=\"https:\/\/www.jazz-gulfhaus.de\/?p=466\" class=\"more-link\"><span class=\"screen-reader-text\">\u201e18.02.2017 &#8211; Jean Faure et Son Orchestre\u201c <\/span>weiterlesen<\/a><\/p>\n","protected":false},"author":2,"featured_media":0,"comment_status":"closed","ping_status":"closed","sticky":false,"template":"","format":"standard","meta":{"footnotes":""},"categories":[7],"tags":[],"class_list":["post-466","post","type-post","status-publish","format-standard","hentry","category-archiv"],"_links":{"self":[{"href":"https:\/\/www.jazz-gulfhaus.de\/index.php?rest_route=\/wp\/v2\/posts\/466","targetHints":{"allow":["GET"]}}],"collection":[{"href":"https:\/\/www.jazz-gulfhaus.de\/index.php?rest_route=\/wp\/v2\/posts"}],"about":[{"href":"https:\/\/www.jazz-gulfhaus.de\/index.php?rest_route=\/wp\/v2\/types\/post"}],"author":[{"embeddable":true,"href":"https:\/\/www.jazz-gulfhaus.de\/index.php?rest_route=\/wp\/v2\/users\/2"}],"replies":[{"embeddable":true,"href":"https:\/\/www.jazz-gulfhaus.de\/index.php?rest_route=%2Fwp%2Fv2%2Fcomments&post=466"}],"version-history":[{"count":3,"href":"https:\/\/www.jazz-gulfhaus.de\/index.php?rest_route=\/wp\/v2\/posts\/466\/revisions"}],"predecessor-version":[{"id":484,"href":"https:\/\/www.jazz-gulfhaus.de\/index.php?rest_route=\/wp\/v2\/posts\/466\/revisions\/484"}],"wp:attachment":[{"href":"https:\/\/www.jazz-gulfhaus.de\/index.php?rest_route=%2Fwp%2Fv2%2Fmedia&parent=466"}],"wp:term":[{"taxonomy":"category","embeddable":true,"href":"https:\/\/www.jazz-gulfhaus.de\/index.php?rest_route=%2Fwp%2Fv2%2Fcategories&post=466"},{"taxonomy":"post_tag","embeddable":true,"href":"https:\/\/www.jazz-gulfhaus.de\/index.php?rest_route=%2Fwp%2Fv2%2Ftags&post=466"}],"curies":[{"name":"wp","href":"https:\/\/api.w.org\/{rel}","templated":true}]}}